{"id":40802272288,"date":"2023-03-09T15:59:00","date_gmt":"2023-03-09T20:59:00","guid":{"rendered":"https:\/\/www.monmouth.edu\/news\/?p=40802272288"},"modified":"2023-03-15T17:05:26","modified_gmt":"2023-03-15T21:05:26","slug":"prof-mora-ballesteros-is-co-editor-of-diaspora-exodos-y-representaciones-en-el-arte-y-la-literatura-hispanoamericanos","status":"publish","type":"post","link":"https:\/\/www.monmouth.edu\/news\/prof-mora-ballesteros-is-co-editor-of-diaspora-exodos-y-representaciones-en-el-arte-y-la-literatura-hispanoamericanos\/","title":{"rendered":"Prof. Mora-Ballesteros is Co-Editor of &#8220;Di\u00e1spora, \u00e9xodos y representaciones en el arte y la literatura hispanoamericanos&#8221;"},"content":{"rendered":"\n<p class=\"has-text-align-left\">Luis Mora-Ballesteros, Ph.D., a lecturer of Spanish in the World Languages and Cultures Department, is a co-editor, with Edurne Beltr\u00e1n de Heredia Carmona, Ph.D., of Coastal Carolina University, of &#8220;<a href=\"https:\/\/www.argus-a.com\/ebook\/787-diasporas-exodos-y-representaciones-en-el-arte-y-la-literatura-hispanoamericanos.html\">Di\u00e1sporas, \u00e9xodos y representaciones en el arte y la <\/a><a href=\"https:\/\/www.argus-a.com\/ebook\/787-diasporas-exodos-y-representaciones-en-el-arte-y-la-literatura-hispanoamericanos.html\" target=\"_blank\" rel=\"noreferrer noopener\">literaturahispanoamericano<\/a>,&#8221;&nbsp;which collects seven essays from scholars and doctoral candidates in language, art, film studies, literature, and culture at universities in the United States, Latin America, and the Caribbean. The peer-reviewed volume, <a href=\"https:\/\/www.argus-a.com\/archivos-ebooks\/787-1.pdf\" target=\"_blank\" rel=\"noreferrer noopener\">which is available for free download as an eBook<\/a>, is published by Argus-<em>a<\/em>, a digital, open access, quarterly publication aimed at researchers, professors, teachers, professionals, and students related to the arts and humanities, which disseminates, academic materials in Spanish free-of-charge.<\/p>\n\n\n\n<p class=\"has-text-align-left\">With its distribution, Mora-Ballesteros hopes that both the general public and the specialized reader will enjoy a unique collection of essays, authored by a diverse group of new scholars and experts in the areas of their specific knowledge. According to the publisher, &#8220;these contributions span the ongoing transcontinental narratives, novelistic traditions, transterritorial poetics, and literary criticism. Altogether, this text addresses film studies and cultural theory while combining dissemination and inquiries around the artistic and literary production in Latin America and Europe.&#8221; <\/p>\n\n\n\n<p class=\"has-text-align-left\">The volume is divided into three different parts titled, \u201cProducci\u00f3n cultural y f\u00edlmica tras los movimientos geogr\u00e1ficos desde y hacia el mundo hispanohablante,\u201d \u201cDi\u00e1sporas y \u00e9xodos en la literatura hispanoamericana y Latina en los Estados Unidos,\u201d and \u201cParadigmas, transmedia, hibridez-texto imagen y lenguaje digital,\u201d providing a rich overview of categories and insights about the hermeneutic reflection and comparative critics.<\/p>\n\n\n\n\n\n\n\n<div class=\"wp-block-columns is-layout-flex wp-container-core-columns-is-layout-9d6595d7 wp-block-columns-is-layout-flex\">\n<div class=\"wp-block-column is-layout-flow wp-block-column-is-layout-flow\" style=\"flex-basis:100%\">\n<figure class=\"wp-block-image size-large is-resized\"><img loading=\"lazy\" decoding=\"async\" src=\"https:\/\/www.monmouth.edu\/news\/wp-content\/uploads\/sites\/16\/2023\/03\/Tapa-final-23-febrero_-1-742x1024.png\" alt=\"\" class=\"wp-image-40802272297\" width=\"742\" height=\"1024\" srcset=\"https:\/\/www.monmouth.edu\/news\/wp-content\/uploads\/sites\/16\/2023\/03\/Tapa-final-23-febrero_-1-742x1024.png 742w, https:\/\/www.monmouth.edu\/news\/wp-content\/uploads\/sites\/16\/2023\/03\/Tapa-final-23-febrero_-1-218x300.png 218w, https:\/\/www.monmouth.edu\/news\/wp-content\/uploads\/sites\/16\/2023\/03\/Tapa-final-23-febrero_-1-768x1059.png 768w, https:\/\/www.monmouth.edu\/news\/wp-content\/uploads\/sites\/16\/2023\/03\/Tapa-final-23-febrero_-1-1114x1536.png 1114w, https:\/\/www.monmouth.edu\/news\/wp-content\/uploads\/sites\/16\/2023\/03\/Tapa-final-23-febrero_-1-1485x2048.png 1485w, https:\/\/www.monmouth.edu\/news\/wp-content\/uploads\/sites\/16\/2023\/03\/Tapa-final-23-febrero_-1-1320x1821.png 1320w, https:\/\/www.monmouth.edu\/news\/wp-content\/uploads\/sites\/16\/2023\/03\/Tapa-final-23-febrero_-1-109x150.png 109w, https:\/\/www.monmouth.edu\/news\/wp-content\/uploads\/sites\/16\/2023\/03\/Tapa-final-23-febrero_-1.png 2012w\" sizes=\"auto, (max-width: 742px) 100vw, 742px\" \/><\/figure>\n<\/div>\n<\/div>\n","protected":false},"excerpt":{"rendered":"<p>Luis Mora-Ballesteros, Ph.D., a lecturer of Spanish in the World Languages and Cultures Department, is a co-editor, with Edurne Beltr\u00e1n de Heredia Carmona, Ph.D., of Coastal Carolina University, of &#8220;Di\u00e1sporas, \u00e9xodos y representaciones en el arte y la literaturahispanoamericano,&#8221;&nbsp;which collects seven essays from scholars and doctoral candidates in language, art, film studies, literature, and culture [&hellip;]<\/p>\n","protected":false},"author":2554,"featured_media":40802272335,"comment_status":"closed","ping_status":"closed","sticky":false,"template":"","format":"standard","meta":{"footnotes":""},"categories":[104,322,423],"tags":[],"person":[2905],"audience":[],"school":[26,2023,239],"program":[],"class_list":["post-40802272288","post","type-post","status-publish","format-standard","has-post-thumbnail","hentry","category-academic-excellence","category-faculty-accomplishments","category-faculty-perspectives","person-luis-mora-ballesteros-2","school-school-of-humanities-and-social-sciences","school-spanish","school-foreign-language-studies"],"squareimage":{"id":40802269446,"rendered":"<img width=\"6720\" height=\"4480\" style=\"object-position: 53.755% 41.3%\" src=\"https:\/\/www.monmouth.edu\/news\/wp-content\/uploads\/sites\/16\/2022\/11\/Luis-Mora-Ballesteros-Headshot_20220831_AD_01.jpg\" class=\"attachment-full size-full\" alt=\"Head and shoulders image of a man wearing suit and tie. Prof. Luis Mora-Ballesteros\" decoding=\"async\" loading=\"lazy\" srcset=\"https:\/\/www.monmouth.edu\/news\/wp-content\/uploads\/sites\/16\/2022\/11\/Luis-Mora-Ballesteros-Headshot_20220831_AD_01.jpg 6720w, https:\/\/www.monmouth.edu\/news\/wp-content\/uploads\/sites\/16\/2022\/11\/Luis-Mora-Ballesteros-Headshot_20220831_AD_01-300x200.jpg 300w, https:\/\/www.monmouth.edu\/news\/wp-content\/uploads\/sites\/16\/2022\/11\/Luis-Mora-Ballesteros-Headshot_20220831_AD_01-1024x683.jpg 1024w, https:\/\/www.monmouth.edu\/news\/wp-content\/uploads\/sites\/16\/2022\/11\/Luis-Mora-Ballesteros-Headshot_20220831_AD_01-768x512.jpg 768w, https:\/\/www.monmouth.edu\/news\/wp-content\/uploads\/sites\/16\/2022\/11\/Luis-Mora-Ballesteros-Headshot_20220831_AD_01-1536x1024.jpg 1536w, https:\/\/www.monmouth.edu\/news\/wp-content\/uploads\/sites\/16\/2022\/11\/Luis-Mora-Ballesteros-Headshot_20220831_AD_01-2048x1365.jpg 2048w, https:\/\/www.monmouth.edu\/news\/wp-content\/uploads\/sites\/16\/2022\/11\/Luis-Mora-Ballesteros-Headshot_20220831_AD_01-1680x1120.jpg 1680w, https:\/\/www.monmouth.edu\/news\/wp-content\/uploads\/sites\/16\/2022\/11\/Luis-Mora-Ballesteros-Headshot_20220831_AD_01-840x560.jpg 840w, https:\/\/www.monmouth.edu\/news\/wp-content\/uploads\/sites\/16\/2022\/11\/Luis-Mora-Ballesteros-Headshot_20220831_AD_01-150x100.jpg 150w\" sizes=\"auto, (max-width: 6720px) 100vw, 6720px\" \/>","original":{"url":"https:\/\/www.monmouth.edu\/news\/wp-content\/uploads\/sites\/16\/2022\/11\/Luis-Mora-Ballesteros-Headshot_20220831_AD_01.jpg","width":6720,"height":4480}},"_links":{"self":[{"href":"https:\/\/www.monmouth.edu\/news\/wp-json\/wp\/v2\/posts\/40802272288","targetHints":{"allow":["GET"]}}],"collection":[{"href":"https:\/\/www.monmouth.edu\/news\/wp-json\/wp\/v2\/posts"}],"about":[{"href":"https:\/\/www.monmouth.edu\/news\/wp-json\/wp\/v2\/types\/post"}],"author":[{"embeddable":true,"href":"https:\/\/www.monmouth.edu\/news\/wp-json\/wp\/v2\/users\/2554"}],"replies":[{"embeddable":true,"href":"https:\/\/www.monmouth.edu\/news\/wp-json\/wp\/v2\/comments?post=40802272288"}],"version-history":[{"count":9,"href":"https:\/\/www.monmouth.edu\/news\/wp-json\/wp\/v2\/posts\/40802272288\/revisions"}],"predecessor-version":[{"id":40802272345,"href":"https:\/\/www.monmouth.edu\/news\/wp-json\/wp\/v2\/posts\/40802272288\/revisions\/40802272345"}],"wp:featuredmedia":[{"embeddable":true,"href":"https:\/\/www.monmouth.edu\/news\/wp-json\/wp\/v2\/media\/40802272335"}],"wp:attachment":[{"href":"https:\/\/www.monmouth.edu\/news\/wp-json\/wp\/v2\/media?parent=40802272288"}],"wp:term":[{"taxonomy":"category","embeddable":true,"href":"https:\/\/www.monmouth.edu\/news\/wp-json\/wp\/v2\/categories?post=40802272288"},{"taxonomy":"post_tag","embeddable":true,"href":"https:\/\/www.monmouth.edu\/news\/wp-json\/wp\/v2\/tags?post=40802272288"},{"taxonomy":"person","embeddable":true,"href":"https:\/\/www.monmouth.edu\/news\/wp-json\/wp\/v2\/person?post=40802272288"},{"taxonomy":"audience","embeddable":true,"href":"https:\/\/www.monmouth.edu\/news\/wp-json\/wp\/v2\/audience?post=40802272288"},{"taxonomy":"school","embeddable":true,"href":"https:\/\/www.monmouth.edu\/news\/wp-json\/wp\/v2\/school?post=40802272288"},{"taxonomy":"program","embeddable":true,"href":"https:\/\/www.monmouth.edu\/news\/wp-json\/wp\/v2\/program?post=40802272288"}],"curies":[{"name":"wp","href":"https:\/\/api.w.org\/{rel}","templated":true}]}}