{"id":40802269411,"date":"2022-11-08T13:16:20","date_gmt":"2022-11-08T18:16:20","guid":{"rendered":"https:\/\/www.monmouth.edu\/news\/?p=40802269411"},"modified":"2022-11-10T09:55:11","modified_gmt":"2022-11-10T14:55:11","slug":"prof-mora-ballesterosla-sombra-del-comandante-reviewed-by-latin-american-literature-today","status":"publish","type":"post","link":"https:\/\/www.monmouth.edu\/news\/prof-mora-ballesterosla-sombra-del-comandante-reviewed-by-latin-american-literature-today\/","title":{"rendered":"Prof. Mora-Ballesteros&#8217;\u00abLa sombra del comandante\u00bb\u00a0Reviewed by Latin American Literature Today"},"content":{"rendered":"\n<p>&#8220;Latin American Literature Today<em>&#8221; <\/em><a href=\"https:\/\/latinamericanliteraturetoday.org\/book_review\/la-sombra-del-comandante-by-luis-mora-ballesteros\/\" target=\"_blank\" rel=\"noreferrer noopener\">has published a review of &#8220;La sombra del comandante<\/a>&#8221;&nbsp;(2022) by Luis Mora-Ballesteros, Ph.D., a lecturer of Spanish and Literatures of Latin America and the Caribbean in the Department of World Languages and Culture.  The journal is associated with&nbsp;&#8220;World Literature Today,&#8221;&nbsp;and seeks to reflect new realities of Spanish-language literature through a quarterly online publication, circulating in the United States as well as the literary communities of Latin America and Spain.<\/p>\n\n\n\n<p>In his review, Jos\u00e9 Francisco Vel\u00e1squez Gago of Universidad de Los Andes, Venezuela, writes, &#8220;Mora-Ballesteros\u2019s fictionalization of the border brings a range of marginalized voices into sharp focus. It echoes and projects the realities of a harsh landscape in an ongoing conflict: he has succeeded in painting a detailed picture of life along this border shared by two nations, and one which, on several occasions, serves as something of a review of its recent history.&#8221;<\/p>\n\n\n\n<p>&#8220;La sombra del comandante&#8221; is the next instalment in the&nbsp;&#8220;Trilog\u00eda de la frontera,&#8221; and picks up where Mora-Ballesteros&#8217; debut novel, &#8220;<a href=\"https:\/\/latinamericanliteraturetoday.org\/book_review\/diptico-de-la-frontera-luis-moraballesteros\/\">D\u00edptico de la frontera<\/a>&#8221;&nbsp;(2020) left off. In his review for Mora-Ballesteros&#8217; earlier work, Bernardo Navarro Villarreal of Sim\u00f3n Bol\u00edvar University noted that it &#8220;combines memoir,&nbsp;<em>cr\u00f3nica<\/em>, and prose poetry, in order to portray, at the crossroad of fiction and autobiography, events trapped in oblivion and indifference.&#8221;<\/p>\n\n\n\n<figure class=\"wp-block-image aligncenter size-large\"><a href=\"https:\/\/latinamericanliteraturetoday.org\/book_review\/la-sombra-del-comandante-by-luis-mora-ballesteros\/\"><img loading=\"lazy\" decoding=\"async\" width=\"786\" height=\"1024\" src=\"https:\/\/www.monmouth.edu\/news\/wp-content\/uploads\/sites\/16\/2022\/11\/BP-2-786x1024.jpeg\" alt=\"A photo of the cover of the book 'La sombra del comandante' by Luis Mora-Ballestaros\" class=\"wp-image-40802269419\" srcset=\"https:\/\/www.monmouth.edu\/news\/wp-content\/uploads\/sites\/16\/2022\/11\/BP-2-786x1024.jpeg 786w, https:\/\/www.monmouth.edu\/news\/wp-content\/uploads\/sites\/16\/2022\/11\/BP-2-230x300.jpeg 230w, https:\/\/www.monmouth.edu\/news\/wp-content\/uploads\/sites\/16\/2022\/11\/BP-2-768x1001.jpeg 768w, https:\/\/www.monmouth.edu\/news\/wp-content\/uploads\/sites\/16\/2022\/11\/BP-2-115x150.jpeg 115w, https:\/\/www.monmouth.edu\/news\/wp-content\/uploads\/sites\/16\/2022\/11\/BP-2.jpeg 829w\" sizes=\"auto, (max-width: 786px) 100vw, 786px\" \/><\/a><\/figure>\n","protected":false},"excerpt":{"rendered":"<p>&#8220;Latin American Literature Today&#8221; has published a review of &#8220;La sombra del comandante&#8221;&nbsp;(2022) by Luis Mora-Ballesteros, Ph.D., a lecturer of Spanish and Literatures of Latin America and the Caribbean in the Department of World Languages and Culture. The journal is associated with&nbsp;&#8220;World Literature Today,&#8221;&nbsp;and seeks to reflect new realities of Spanish-language literature through a quarterly [&hellip;]<\/p>\n","protected":false},"author":2554,"featured_media":40802269446,"comment_status":"closed","ping_status":"closed","sticky":false,"template":"","format":"standard","meta":{"footnotes":""},"categories":[322,423],"tags":[],"person":[2905],"audience":[8],"school":[26,2023,239],"program":[],"class_list":["post-40802269411","post","type-post","status-publish","format-standard","has-post-thumbnail","hentry","category-faculty-accomplishments","category-faculty-perspectives","person-luis-mora-ballesteros-2","audience-faculty","school-school-of-humanities-and-social-sciences","school-spanish","school-foreign-language-studies"],"squareimage":{"id":40802269446,"rendered":"<img width=\"6720\" height=\"4480\" style=\"object-position: 53.755% 41.3%\" src=\"https:\/\/www.monmouth.edu\/news\/wp-content\/uploads\/sites\/16\/2022\/11\/Luis-Mora-Ballesteros-Headshot_20220831_AD_01.jpg\" class=\"attachment-full size-full\" alt=\"Head and shoulders image of a man wearing suit and tie. Prof. Luis Mora-Ballesteros\" decoding=\"async\" loading=\"lazy\" srcset=\"https:\/\/www.monmouth.edu\/news\/wp-content\/uploads\/sites\/16\/2022\/11\/Luis-Mora-Ballesteros-Headshot_20220831_AD_01.jpg 6720w, https:\/\/www.monmouth.edu\/news\/wp-content\/uploads\/sites\/16\/2022\/11\/Luis-Mora-Ballesteros-Headshot_20220831_AD_01-300x200.jpg 300w, https:\/\/www.monmouth.edu\/news\/wp-content\/uploads\/sites\/16\/2022\/11\/Luis-Mora-Ballesteros-Headshot_20220831_AD_01-1024x683.jpg 1024w, https:\/\/www.monmouth.edu\/news\/wp-content\/uploads\/sites\/16\/2022\/11\/Luis-Mora-Ballesteros-Headshot_20220831_AD_01-768x512.jpg 768w, https:\/\/www.monmouth.edu\/news\/wp-content\/uploads\/sites\/16\/2022\/11\/Luis-Mora-Ballesteros-Headshot_20220831_AD_01-1536x1024.jpg 1536w, https:\/\/www.monmouth.edu\/news\/wp-content\/uploads\/sites\/16\/2022\/11\/Luis-Mora-Ballesteros-Headshot_20220831_AD_01-2048x1365.jpg 2048w, https:\/\/www.monmouth.edu\/news\/wp-content\/uploads\/sites\/16\/2022\/11\/Luis-Mora-Ballesteros-Headshot_20220831_AD_01-1680x1120.jpg 1680w, https:\/\/www.monmouth.edu\/news\/wp-content\/uploads\/sites\/16\/2022\/11\/Luis-Mora-Ballesteros-Headshot_20220831_AD_01-840x560.jpg 840w, https:\/\/www.monmouth.edu\/news\/wp-content\/uploads\/sites\/16\/2022\/11\/Luis-Mora-Ballesteros-Headshot_20220831_AD_01-150x100.jpg 150w\" sizes=\"auto, (max-width: 6720px) 100vw, 6720px\" \/>","original":{"url":"https:\/\/www.monmouth.edu\/news\/wp-content\/uploads\/sites\/16\/2022\/11\/Luis-Mora-Ballesteros-Headshot_20220831_AD_01.jpg","width":6720,"height":4480}},"_links":{"self":[{"href":"https:\/\/www.monmouth.edu\/news\/wp-json\/wp\/v2\/posts\/40802269411","targetHints":{"allow":["GET"]}}],"collection":[{"href":"https:\/\/www.monmouth.edu\/news\/wp-json\/wp\/v2\/posts"}],"about":[{"href":"https:\/\/www.monmouth.edu\/news\/wp-json\/wp\/v2\/types\/post"}],"author":[{"embeddable":true,"href":"https:\/\/www.monmouth.edu\/news\/wp-json\/wp\/v2\/users\/2554"}],"replies":[{"embeddable":true,"href":"https:\/\/www.monmouth.edu\/news\/wp-json\/wp\/v2\/comments?post=40802269411"}],"version-history":[{"count":13,"href":"https:\/\/www.monmouth.edu\/news\/wp-json\/wp\/v2\/posts\/40802269411\/revisions"}],"predecessor-version":[{"id":40802269548,"href":"https:\/\/www.monmouth.edu\/news\/wp-json\/wp\/v2\/posts\/40802269411\/revisions\/40802269548"}],"wp:featuredmedia":[{"embeddable":true,"href":"https:\/\/www.monmouth.edu\/news\/wp-json\/wp\/v2\/media\/40802269446"}],"wp:attachment":[{"href":"https:\/\/www.monmouth.edu\/news\/wp-json\/wp\/v2\/media?parent=40802269411"}],"wp:term":[{"taxonomy":"category","embeddable":true,"href":"https:\/\/www.monmouth.edu\/news\/wp-json\/wp\/v2\/categories?post=40802269411"},{"taxonomy":"post_tag","embeddable":true,"href":"https:\/\/www.monmouth.edu\/news\/wp-json\/wp\/v2\/tags?post=40802269411"},{"taxonomy":"person","embeddable":true,"href":"https:\/\/www.monmouth.edu\/news\/wp-json\/wp\/v2\/person?post=40802269411"},{"taxonomy":"audience","embeddable":true,"href":"https:\/\/www.monmouth.edu\/news\/wp-json\/wp\/v2\/audience?post=40802269411"},{"taxonomy":"school","embeddable":true,"href":"https:\/\/www.monmouth.edu\/news\/wp-json\/wp\/v2\/school?post=40802269411"},{"taxonomy":"program","embeddable":true,"href":"https:\/\/www.monmouth.edu\/news\/wp-json\/wp\/v2\/program?post=40802269411"}],"curies":[{"name":"wp","href":"https:\/\/api.w.org\/{rel}","templated":true}]}}